{"id":2712,"date":"2026-02-03T10:36:00","date_gmt":"2026-02-03T10:36:00","guid":{"rendered":"https:\/\/admin.nazca.co\/?p=2712"},"modified":"2026-02-27T15:06:47","modified_gmt":"2026-02-27T15:06:47","slug":"soul-for-life-o-primeiro-residencial-com-selo-fitwel-no-espirito-santo","status":"publish","type":"post","link":"https:\/\/admin.nazca.co\/en\/soul-for-life-o-primeiro-residencial-com-selo-fitwel-no-espirito-santo\/","title":{"rendered":"Soul For Life: o primeiro residencial com selo\u00a0Fitwel\u00a0no Esp\u00edrito Santo\u00a0"},"content":{"rendered":"\n<p><strong>Vit\u00f3ria ser\u00e1 a primeira cidade do estado a receber um residencial com certifica\u00e7\u00e3o&nbsp;Fitwel&nbsp;\u2014 e ele j\u00e1 est\u00e1 em obras na Praia do Canto.<\/strong>&nbsp;<br>&nbsp;&nbsp;<\/p>\n\n\n\n<figure class=\"wp-block-image size-full\"><img loading=\"lazy\" decoding=\"async\" width=\"1920\" height=\"1081\" src=\"https:\/\/admin.nazca.co\/wp-content\/uploads\/2026\/02\/5.webp\" alt=\"\" class=\"wp-image-2718\"\/><\/figure>\n\n\n\n<p>O&nbsp;<a href=\"https:\/\/nazca.co\/empreendimentos\/soul-for-life\/\" target=\"_blank\" rel=\"noreferrer noopener\"><strong>Soul For Life<\/strong><\/a>, da Nazca em parceria com a&nbsp;Abaurre&nbsp;Construtora, \u00e9 um projeto que une sofistica\u00e7\u00e3o, bem-estar e arquitetura inteligente. O selo internacional reconhece constru\u00e7\u00f5es pensadas para a sa\u00fade f\u00edsica e mental dos moradores, com crit\u00e9rios como qualidade do ar, ilumina\u00e7\u00e3o natural, est\u00edmulo \u00e0 atividade f\u00edsica e acesso a \u00e1reas verdes.&nbsp;<\/p>\n\n\n\n<p>Essa conquista refor\u00e7a o compromisso da Nazca com uma nova forma de morar: mais conectada ao essencial, ao sustent\u00e1vel e ao humano.&nbsp;<\/p>\n\n\n\n<p><\/p>\n\n\n\n<h3 class=\"wp-block-heading\">Conforto come\u00e7a na planta&nbsp;<\/h3>\n\n\n\n<p>Com entrega prevista para 2027, o Soul For Life&nbsp;possui&nbsp;apenas&nbsp;<strong>27 unidades exclusivas<\/strong>, com&nbsp;<strong>4 su\u00edtes<\/strong>,&nbsp;<strong>hall privativo<\/strong>&nbsp;e&nbsp;<strong>metragens entre 188 m\u00b2 e 572 m\u00b2<\/strong>. H\u00e1 op\u00e7\u00f5es tipo,&nbsp;gardens&nbsp;e cobertura duplex.&nbsp;<\/p>\n\n\n\n<p><\/p>\n\n\n\n<h3 class=\"wp-block-heading\">Arquitetura com prop\u00f3sito&nbsp;<\/h3>\n\n\n\n<p>A fachada do Soul \u00e9 viva, com&nbsp;<strong>jardins verticais<\/strong>&nbsp;e uma est\u00e9tica que transforma o encontro das ruas&nbsp;Chapot&nbsp;Presvot&nbsp;e Constante Sodr\u00e9.&nbsp;&nbsp;<\/p>\n\n\n\n<p>O projeto arquitet\u00f4nico leva a assinatura da&nbsp;<strong>Abaurre Arquitetura<\/strong>, interiores por&nbsp;<strong>Carlos Rossi<\/strong>&nbsp;e paisagismo da&nbsp;<strong>Cardim Arquitetura Paisag\u00edstica<\/strong>, que inclui&nbsp;<strong>36 esp\u00e9cies da flora capixaba e brasileira<\/strong>.<\/p>\n\n\n\n<p><\/p>\n\n\n\n<h3 class=\"wp-block-heading\">Lazer inspirado em resorts, pensado para o cotidiano&nbsp;<\/h3>\n\n\n\n<p>Entre os destaques da \u00e1rea de lazer:&nbsp;<\/p>\n\n\n\n<ul class=\"wp-block-list\">\n<li>Piscina adulto e infantil com&nbsp;solarium;&nbsp;<\/li>\n<\/ul>\n\n\n\n<ul class=\"wp-block-list\">\n<li>Spa, sauna, sala de massagem;&nbsp;<\/li>\n<\/ul>\n\n\n\n<ul class=\"wp-block-list\">\n<li>Academia, espa\u00e7o kids e game&nbsp;room;&nbsp;<\/li>\n<\/ul>\n\n\n\n<ul class=\"wp-block-list\">\n<li>Wine&nbsp;lounge, sal\u00e3o de festas e gourmet;&nbsp;<\/li>\n<\/ul>\n\n\n\n<ul class=\"wp-block-list\">\n<li>Horta comunit\u00e1ria, quadra, pet&nbsp;place&nbsp;e lava-patas;&nbsp;<\/li>\n<\/ul>\n\n\n\n<ul class=\"wp-block-list\">\n<li>Espa\u00e7o de entregas refrigerado, sala de motoristas, biciclet\u00e1rio.&nbsp;<\/li>\n<\/ul>\n\n\n\n<p><\/p>\n\n\n\n<h3 class=\"wp-block-heading\">Pronto para o futuro&nbsp;<\/h3>\n\n\n\n<p>Al\u00e9m da certifica\u00e7\u00e3o&nbsp;Fitwel, o Soul entrega:&nbsp;<\/p>\n\n\n\n<ul class=\"wp-block-list\">\n<li>Infraestrutura para automa\u00e7\u00e3o, VRF e&nbsp;para&nbsp;carros el\u00e9tricos;&nbsp;<\/li>\n<\/ul>\n\n\n\n<ul class=\"wp-block-list\">\n<li>Pulm\u00f5es de seguran\u00e7a e controle de acesso por elevador;&nbsp;<\/li>\n<\/ul>\n\n\n\n<ul class=\"wp-block-list\">\n<li>Box privativo, ilumina\u00e7\u00e3o LED e reaproveitamento de \u00e1gua da chuva.&nbsp;<\/li>\n<\/ul>\n\n\n\n<p><strong>O Soul&nbsp;\u00e9 a nova refer\u00eancia em bem-estar residencial no Esp\u00edrito Santo. Assista ao v\u00eddeo e descubra como \u00e9 morar com mais significado.<\/strong>&nbsp;<\/p>\n\n\n\n<figure class=\"wp-block-embed is-type-video is-provider-youtube wp-block-embed-youtube wp-embed-aspect-16-9 wp-has-aspect-ratio\"><div class=\"wp-block-embed__wrapper\">\n<iframe loading=\"lazy\" title=\"NAZCA - Viver no Soul For Life\" width=\"500\" height=\"281\" src=\"https:\/\/www.youtube.com\/embed\/JGtsf0dh_5o?feature=oembed\" frameborder=\"0\" allow=\"accelerometer; autoplay; clipboard-write; encrypted-media; gyroscope; picture-in-picture; web-share\" referrerpolicy=\"strict-origin-when-cross-origin\" allowfullscreen><\/iframe>\n<\/div><\/figure>\n","protected":false},"excerpt":{"rendered":"<p>Vit\u00f3ria ser\u00e1 a primeira cidade do estado a receber um residencial com certifica\u00e7\u00e3o\u00a0Fitwel\u00a0\u2014 e ele j\u00e1 est\u00e1 em obras na Praia do Canto.<\/p>\n","protected":false},"author":2,"featured_media":2718,"comment_status":"open","ping_status":"open","sticky":false,"template":"","format":"standard","meta":{"_acf_changed":false,"footnotes":""},"categories":[1],"tags":[],"class_list":["post-2712","post","type-post","status-publish","format-standard","has-post-thumbnail","hentry","category-sem-categoria"],"acf":[],"yoast_head":"<!-- This site is optimized with the Yoast SEO plugin v24.0 - https:\/\/yoast.com\/wordpress\/plugins\/seo\/ -->\n<title>Soul For Life: o primeiro residencial com selo\u00a0Fitwel\u00a0no Esp\u00edrito Santo\u00a0 - Admin | Nazca<\/title>\n<meta name=\"robots\" content=\"noindex, follow, max-snippet:-1, max-image-preview:large, max-video-preview:-1\" \/>\n<meta property=\"og:locale\" content=\"en_US\" \/>\n<meta property=\"og:type\" content=\"article\" \/>\n<meta property=\"og:title\" content=\"Soul For Life: o primeiro residencial com selo\u00a0Fitwel\u00a0no Esp\u00edrito Santo\u00a0 - Admin | Nazca\" \/>\n<meta property=\"og:description\" content=\"Vit\u00f3ria ser\u00e1 a primeira cidade do estado a receber um residencial com certifica\u00e7\u00e3o\u00a0Fitwel\u00a0\u2014 e ele j\u00e1 est\u00e1 em obras na Praia do Canto.\" \/>\n<meta property=\"og:url\" content=\"https:\/\/admin.nazca.co\/en\/soul-for-life-o-primeiro-residencial-com-selo-fitwel-no-espirito-santo\/\" \/>\n<meta property=\"og:site_name\" content=\"Admin | Nazca\" \/>\n<meta property=\"article:published_time\" content=\"2026-02-03T10:36:00+00:00\" \/>\n<meta property=\"article:modified_time\" content=\"2026-02-27T15:06:47+00:00\" \/>\n<meta property=\"og:image\" content=\"https:\/\/admin.nazca.co\/wp-content\/uploads\/2026\/02\/5.webp\" \/>\n\t<meta property=\"og:image:width\" content=\"1920\" \/>\n\t<meta property=\"og:image:height\" content=\"1081\" \/>\n\t<meta property=\"og:image:type\" content=\"image\/webp\" \/>\n<meta name=\"author\" content=\"INGRID INTERNIT\" \/>\n<meta name=\"twitter:card\" content=\"summary_large_image\" \/>\n<meta name=\"twitter:label1\" content=\"Written by\" \/>\n\t<meta name=\"twitter:data1\" content=\"INGRID INTERNIT\" \/>\n\t<meta name=\"twitter:label2\" content=\"Est. reading time\" \/>\n\t<meta name=\"twitter:data2\" content=\"3 minutes\" \/>\n<script type=\"application\/ld+json\" class=\"yoast-schema-graph\">{\"@context\":\"https:\/\/schema.org\",\"@graph\":[{\"@type\":\"WebPage\",\"@id\":\"https:\/\/admin.nazca.co\/en\/soul-for-life-o-primeiro-residencial-com-selo-fitwel-no-espirito-santo\/\",\"url\":\"https:\/\/admin.nazca.co\/en\/soul-for-life-o-primeiro-residencial-com-selo-fitwel-no-espirito-santo\/\",\"name\":\"Soul For Life: o primeiro residencial com selo\u00a0Fitwel\u00a0no Esp\u00edrito Santo\u00a0 - Admin | Nazca\",\"isPartOf\":{\"@id\":\"https:\/\/admin.nazca.co\/en\/#website\"},\"primaryImageOfPage\":{\"@id\":\"https:\/\/admin.nazca.co\/en\/soul-for-life-o-primeiro-residencial-com-selo-fitwel-no-espirito-santo\/#primaryimage\"},\"image\":{\"@id\":\"https:\/\/admin.nazca.co\/en\/soul-for-life-o-primeiro-residencial-com-selo-fitwel-no-espirito-santo\/#primaryimage\"},\"thumbnailUrl\":\"https:\/\/admin.nazca.co\/wp-content\/uploads\/2026\/02\/5.webp\",\"datePublished\":\"2026-02-03T10:36:00+00:00\",\"dateModified\":\"2026-02-27T15:06:47+00:00\",\"author\":{\"@id\":\"https:\/\/admin.nazca.co\/en\/#\/schema\/person\/d0a90a634278864f625b9f9760748c14\"},\"breadcrumb\":{\"@id\":\"https:\/\/admin.nazca.co\/en\/soul-for-life-o-primeiro-residencial-com-selo-fitwel-no-espirito-santo\/#breadcrumb\"},\"inLanguage\":\"en-US\",\"potentialAction\":[{\"@type\":\"ReadAction\",\"target\":[\"https:\/\/admin.nazca.co\/en\/soul-for-life-o-primeiro-residencial-com-selo-fitwel-no-espirito-santo\/\"]}]},{\"@type\":\"ImageObject\",\"inLanguage\":\"en-US\",\"@id\":\"https:\/\/admin.nazca.co\/en\/soul-for-life-o-primeiro-residencial-com-selo-fitwel-no-espirito-santo\/#primaryimage\",\"url\":\"https:\/\/admin.nazca.co\/wp-content\/uploads\/2026\/02\/5.webp\",\"contentUrl\":\"https:\/\/admin.nazca.co\/wp-content\/uploads\/2026\/02\/5.webp\",\"width\":1920,\"height\":1081},{\"@type\":\"BreadcrumbList\",\"@id\":\"https:\/\/admin.nazca.co\/en\/soul-for-life-o-primeiro-residencial-com-selo-fitwel-no-espirito-santo\/#breadcrumb\",\"itemListElement\":[{\"@type\":\"ListItem\",\"position\":1,\"name\":\"In\u00edcio\",\"item\":\"https:\/\/admin.nazca.co\/en\/\"},{\"@type\":\"ListItem\",\"position\":2,\"name\":\"Soul For Life: o primeiro residencial com selo\u00a0Fitwel\u00a0no Esp\u00edrito Santo\u00a0\"}]},{\"@type\":\"WebSite\",\"@id\":\"https:\/\/admin.nazca.co\/en\/#website\",\"url\":\"https:\/\/admin.nazca.co\/en\/\",\"name\":\"Admin | Nazca\",\"description\":\"A Nazca, localizada em Vit\u00f3ria, \u00e9 especialista em estrutura\u00e7\u00e3o empresarial, intelig\u00eancia, desenvolvimento e gest\u00e3o de neg\u00f3cios imobili\u00e1rios.\",\"potentialAction\":[{\"@type\":\"SearchAction\",\"target\":{\"@type\":\"EntryPoint\",\"urlTemplate\":\"https:\/\/admin.nazca.co\/en\/?s={search_term_string}\"},\"query-input\":{\"@type\":\"PropertyValueSpecification\",\"valueRequired\":true,\"valueName\":\"search_term_string\"}}],\"inLanguage\":\"en-US\"},{\"@type\":\"Person\",\"@id\":\"https:\/\/admin.nazca.co\/en\/#\/schema\/person\/d0a90a634278864f625b9f9760748c14\",\"name\":\"INGRID INTERNIT\",\"image\":{\"@type\":\"ImageObject\",\"inLanguage\":\"en-US\",\"@id\":\"https:\/\/admin.nazca.co\/en\/#\/schema\/person\/image\/\",\"url\":\"https:\/\/secure.gravatar.com\/avatar\/631ac1395630a13bb1450a0f447af40d3402bcf2b5ee956b54744bbc1ec08916?s=96&d=mm&r=g\",\"contentUrl\":\"https:\/\/secure.gravatar.com\/avatar\/631ac1395630a13bb1450a0f447af40d3402bcf2b5ee956b54744bbc1ec08916?s=96&d=mm&r=g\",\"caption\":\"INGRID INTERNIT\"},\"url\":\"https:\/\/admin.nazca.co\/en\/author\/ingrid\/\"}]}<\/script>\n<!-- \/ Yoast SEO plugin. -->","yoast_head_json":{"title":"Soul For Life: o primeiro residencial com selo\u00a0Fitwel\u00a0no Esp\u00edrito Santo\u00a0 - Admin | Nazca","robots":{"index":"noindex","follow":"follow","max-snippet":"max-snippet:-1","max-image-preview":"max-image-preview:large","max-video-preview":"max-video-preview:-1"},"og_locale":"en_US","og_type":"article","og_title":"Soul For Life: o primeiro residencial com selo\u00a0Fitwel\u00a0no Esp\u00edrito Santo\u00a0 - Admin | Nazca","og_description":"Vit\u00f3ria ser\u00e1 a primeira cidade do estado a receber um residencial com certifica\u00e7\u00e3o\u00a0Fitwel\u00a0\u2014 e ele j\u00e1 est\u00e1 em obras na Praia do Canto.","og_url":"https:\/\/admin.nazca.co\/en\/soul-for-life-o-primeiro-residencial-com-selo-fitwel-no-espirito-santo\/","og_site_name":"Admin | Nazca","article_published_time":"2026-02-03T10:36:00+00:00","article_modified_time":"2026-02-27T15:06:47+00:00","og_image":[{"width":1920,"height":1081,"url":"https:\/\/admin.nazca.co\/wp-content\/uploads\/2026\/02\/5.webp","type":"image\/webp"}],"author":"INGRID INTERNIT","twitter_card":"summary_large_image","twitter_misc":{"Written by":"INGRID INTERNIT","Est. reading time":"3 minutes"},"schema":{"@context":"https:\/\/schema.org","@graph":[{"@type":"WebPage","@id":"https:\/\/admin.nazca.co\/en\/soul-for-life-o-primeiro-residencial-com-selo-fitwel-no-espirito-santo\/","url":"https:\/\/admin.nazca.co\/en\/soul-for-life-o-primeiro-residencial-com-selo-fitwel-no-espirito-santo\/","name":"Soul For Life: o primeiro residencial com selo\u00a0Fitwel\u00a0no Esp\u00edrito Santo\u00a0 - Admin | Nazca","isPartOf":{"@id":"https:\/\/admin.nazca.co\/en\/#website"},"primaryImageOfPage":{"@id":"https:\/\/admin.nazca.co\/en\/soul-for-life-o-primeiro-residencial-com-selo-fitwel-no-espirito-santo\/#primaryimage"},"image":{"@id":"https:\/\/admin.nazca.co\/en\/soul-for-life-o-primeiro-residencial-com-selo-fitwel-no-espirito-santo\/#primaryimage"},"thumbnailUrl":"https:\/\/admin.nazca.co\/wp-content\/uploads\/2026\/02\/5.webp","datePublished":"2026-02-03T10:36:00+00:00","dateModified":"2026-02-27T15:06:47+00:00","author":{"@id":"https:\/\/admin.nazca.co\/en\/#\/schema\/person\/d0a90a634278864f625b9f9760748c14"},"breadcrumb":{"@id":"https:\/\/admin.nazca.co\/en\/soul-for-life-o-primeiro-residencial-com-selo-fitwel-no-espirito-santo\/#breadcrumb"},"inLanguage":"en-US","potentialAction":[{"@type":"ReadAction","target":["https:\/\/admin.nazca.co\/en\/soul-for-life-o-primeiro-residencial-com-selo-fitwel-no-espirito-santo\/"]}]},{"@type":"ImageObject","inLanguage":"en-US","@id":"https:\/\/admin.nazca.co\/en\/soul-for-life-o-primeiro-residencial-com-selo-fitwel-no-espirito-santo\/#primaryimage","url":"https:\/\/admin.nazca.co\/wp-content\/uploads\/2026\/02\/5.webp","contentUrl":"https:\/\/admin.nazca.co\/wp-content\/uploads\/2026\/02\/5.webp","width":1920,"height":1081},{"@type":"BreadcrumbList","@id":"https:\/\/admin.nazca.co\/en\/soul-for-life-o-primeiro-residencial-com-selo-fitwel-no-espirito-santo\/#breadcrumb","itemListElement":[{"@type":"ListItem","position":1,"name":"In\u00edcio","item":"https:\/\/admin.nazca.co\/en\/"},{"@type":"ListItem","position":2,"name":"Soul For Life: o primeiro residencial com selo\u00a0Fitwel\u00a0no Esp\u00edrito Santo\u00a0"}]},{"@type":"WebSite","@id":"https:\/\/admin.nazca.co\/en\/#website","url":"https:\/\/admin.nazca.co\/en\/","name":"Admin | Nazca","description":"A Nazca, localizada em Vit\u00f3ria, \u00e9 especialista em estrutura\u00e7\u00e3o empresarial, intelig\u00eancia, desenvolvimento e gest\u00e3o de neg\u00f3cios imobili\u00e1rios.","potentialAction":[{"@type":"SearchAction","target":{"@type":"EntryPoint","urlTemplate":"https:\/\/admin.nazca.co\/en\/?s={search_term_string}"},"query-input":{"@type":"PropertyValueSpecification","valueRequired":true,"valueName":"search_term_string"}}],"inLanguage":"en-US"},{"@type":"Person","@id":"https:\/\/admin.nazca.co\/en\/#\/schema\/person\/d0a90a634278864f625b9f9760748c14","name":"INGRID INTERNIT","image":{"@type":"ImageObject","inLanguage":"en-US","@id":"https:\/\/admin.nazca.co\/en\/#\/schema\/person\/image\/","url":"https:\/\/secure.gravatar.com\/avatar\/631ac1395630a13bb1450a0f447af40d3402bcf2b5ee956b54744bbc1ec08916?s=96&d=mm&r=g","contentUrl":"https:\/\/secure.gravatar.com\/avatar\/631ac1395630a13bb1450a0f447af40d3402bcf2b5ee956b54744bbc1ec08916?s=96&d=mm&r=g","caption":"INGRID INTERNIT"},"url":"https:\/\/admin.nazca.co\/en\/author\/ingrid\/"}]}},"_links":{"self":[{"href":"https:\/\/admin.nazca.co\/en\/wp-json\/wp\/v2\/posts\/2712","targetHints":{"allow":["GET"]}}],"collection":[{"href":"https:\/\/admin.nazca.co\/en\/wp-json\/wp\/v2\/posts"}],"about":[{"href":"https:\/\/admin.nazca.co\/en\/wp-json\/wp\/v2\/types\/post"}],"author":[{"embeddable":true,"href":"https:\/\/admin.nazca.co\/en\/wp-json\/wp\/v2\/users\/2"}],"replies":[{"embeddable":true,"href":"https:\/\/admin.nazca.co\/en\/wp-json\/wp\/v2\/comments?post=2712"}],"version-history":[{"count":5,"href":"https:\/\/admin.nazca.co\/en\/wp-json\/wp\/v2\/posts\/2712\/revisions"}],"predecessor-version":[{"id":2763,"href":"https:\/\/admin.nazca.co\/en\/wp-json\/wp\/v2\/posts\/2712\/revisions\/2763"}],"wp:featuredmedia":[{"embeddable":true,"href":"https:\/\/admin.nazca.co\/en\/wp-json\/wp\/v2\/media\/2718"}],"wp:attachment":[{"href":"https:\/\/admin.nazca.co\/en\/wp-json\/wp\/v2\/media?parent=2712"}],"wp:term":[{"taxonomy":"category","embeddable":true,"href":"https:\/\/admin.nazca.co\/en\/wp-json\/wp\/v2\/categories?post=2712"},{"taxonomy":"post_tag","embeddable":true,"href":"https:\/\/admin.nazca.co\/en\/wp-json\/wp\/v2\/tags?post=2712"}],"curies":[{"name":"wp","href":"https:\/\/api.w.org\/{rel}","templated":true}]}}