{"id":2776,"date":"2026-03-09T21:23:52","date_gmt":"2026-03-09T21:23:52","guid":{"rendered":"https:\/\/admin.nazca.co\/?p=2776"},"modified":"2026-03-24T23:45:12","modified_gmt":"2026-03-24T23:45:12","slug":"mercado-imobiliario-e-a-escassez-de-terrenos-com-vista-para-o-mar-em-vitoria","status":"publish","type":"post","link":"https:\/\/admin.nazca.co\/en\/mercado-imobiliario-e-a-escassez-de-terrenos-com-vista-para-o-mar-em-vitoria\/","title":{"rendered":"Mercado Imobili\u00e1rio e a escassez de terrenos com vista para o mar em Vit\u00f3ria\u00a0"},"content":{"rendered":"\n<p>Localiza\u00e7\u00e3o, qualidade construtiva e atributos ligados ao bem-estar passaram a influenciar de forma decisiva a escolha de compradores e investidores.&nbsp;Nesse contexto, o&nbsp;<a href=\"https:\/\/nazca.co\/empreendimentos\/sand-ocean-front\/\" target=\"_blank\" rel=\"noreferrer noopener\"><strong>Sand&nbsp;Ocean&nbsp;Front<\/strong><\/a>, desenvolvido pela&nbsp;Nazca em parceria com a Abaurre Construtora, prop\u00f5e&nbsp;<strong>uma nova refer\u00eancia de moradia \u00e0 beira-mar.<\/strong>&nbsp;O projeto re\u00fane vista para o&nbsp;mar, plantas amplas, certifica\u00e7\u00e3o internacional de bem-estar e uma arquitetura pensada para entregar sofistica\u00e7\u00e3o com discri\u00e7\u00e3o \u2014 marca de um luxo cada vez mais valorizado.&nbsp;<\/p>\n\n\n\n<h3 class=\"wp-block-heading\">Localiza\u00e7\u00e3o e escassez como fatores de valoriza\u00e7\u00e3o\u00a0<\/h3>\n\n\n\n<p>Localizado na Praia de Camburi, em um dos poucos terrenos ainda dispon\u00edveis com frente para o mar, o&nbsp;<a href=\"https:\/\/nazca.co\/empreendimentos\/sand-ocean-front\/\" target=\"_blank\" rel=\"noreferrer noopener\">Sand&nbsp;Ocean&nbsp;Front<\/a>&nbsp;re\u00fane dois elementos determinantes para valoriza\u00e7\u00e3o imobili\u00e1ria: escassez e endere\u00e7o consolidado. A regi\u00e3o oferece acesso facilitado a servi\u00e7os essenciais, como supermercados, escolas, academias, caf\u00e9s e restaurantes, permitindo que parte significativa da rotina seja resolvida a poucos minutos de caminhada.&nbsp;<\/p>\n\n\n\n<h3 class=\"wp-block-heading\">Certifica\u00e7\u00e3o internacional voltada ao bem-estar\u00a0<\/h3>\n\n\n\n<p>O projeto possui&nbsp;<a href=\"https:\/\/nazca.co\/blog\/voce-pensa-em-saude-ao-escolher-um-imovel\/\" target=\"_blank\" rel=\"noreferrer noopener\">certifica\u00e7\u00e3o&nbsp;Fitwell<\/a>, sistema criado pelo Centers for&nbsp;Disease&nbsp;Control&nbsp;and&nbsp;Prevention&nbsp;(CDC), dos Estados Unidos, que avalia a contribui\u00e7\u00e3o dos<strong>&nbsp;edif\u00edcios para a sa\u00fade f\u00edsica e mental dos moradores<\/strong>. A certifica\u00e7\u00e3o considera fatores como qualidade ambiental interna, incentivo \u00e0 mobilidade ativa, ilumina\u00e7\u00e3o natural e configura\u00e7\u00e3o das \u00e1reas de conviv\u00eancia.&nbsp;<\/p>\n\n\n\n<figure class=\"wp-block-image size-full\"><img loading=\"lazy\" decoding=\"async\" width=\"901\" height=\"507\" src=\"https:\/\/admin.nazca.co\/wp-content\/uploads\/2026\/03\/image.png\" alt=\"\" class=\"wp-image-2778\"\/><\/figure>\n\n\n\n<h3 class=\"wp-block-heading\">Estrutura dedicada ao relaxamento e ao cuidado pessoal\u00a0<\/h3>\n\n\n\n<p>Entre os ambientes projetados para uso cotidiano est\u00e1 o SPA do&nbsp;<a href=\"https:\/\/nazca.co\/empreendimentos\/sand-ocean-front\/\" target=\"_blank\" rel=\"noreferrer noopener\">Sand&nbsp;Ocean&nbsp;Front,<\/a>&nbsp;equipado com hidromassagem aquecida,<strong>&nbsp;sauna revestida com sal rosa do Himalaia e Experience&nbsp;Shower&nbsp;<\/strong>\u2014 duchas com diferentes fluxos de \u00e1gua e recursos de cromoterapia, termoterapia e aromaterapia.&nbsp;<\/p>\n\n\n\n<h3 class=\"wp-block-heading\">Arquitetura e privacidade\u00a0<\/h3>\n\n\n\n<p><strong>O desenho escalonado\u00a0<\/strong>das unidades favorece a entrada de luz natural, amplia a privacidade entre apartamentos e valoriza a rela\u00e7\u00e3o visual com o entorno. As plantas variam de 157 m\u00b2 a 333 m\u00b2, todas com quatro su\u00edtes.\u00a0<\/p>\n\n\n\n<h3 class=\"wp-block-heading\">Por que o Sand\u00a0Ocean\u00a0Front se diferencia\u00a0<\/h3>\n\n\n\n<p>Localiza\u00e7\u00e3o consolidada, vista permanente para o mar, certifica\u00e7\u00e3o internacional de bem-estar e projeto arquitet\u00f4nico voltado \u00e0 privacidade posicionam o&nbsp;<a href=\"https:\/\/nazca.co\/empreendimentos\/sand-ocean-front\/\" target=\"_blank\" rel=\"noreferrer noopener\">Sand&nbsp;Ocean&nbsp;Front<\/a>&nbsp;entre os empreendimentos residenciais de&nbsp;<strong>maior potencial de valoriza\u00e7\u00e3o<\/strong>&nbsp;em Vit\u00f3ria.&nbsp;<\/p>\n\n\n\n<p>&nbsp;<br><a href=\"https:\/\/nazca.co\/empreendimentos\/sand-ocean-front\/\" target=\"_blank\" rel=\"noreferrer noopener\">Conhe\u00e7a o projeto<\/a> e acompanhe de perto cada detalhe do empreendimento.&nbsp;<\/p>\n","protected":false},"excerpt":{"rendered":"<p>Localiza\u00e7\u00e3o, qualidade construtiva e atributos ligados ao bem-estar passaram a influenciar de forma decisiva a escolha de compradores e investidores.<\/p>\n","protected":false},"author":2,"featured_media":2780,"comment_status":"open","ping_status":"open","sticky":false,"template":"","format":"standard","meta":{"_acf_changed":false,"footnotes":""},"categories":[12],"tags":[],"class_list":["post-2776","post","type-post","status-publish","format-standard","has-post-thumbnail","hentry","category-mercado"],"acf":[],"yoast_head":"<!-- This site is optimized with the Yoast SEO plugin v24.0 - https:\/\/yoast.com\/wordpress\/plugins\/seo\/ -->\n<title>Mercado Imobili\u00e1rio e a escassez de terrenos com vista para o mar em Vit\u00f3ria\u00a0 - Admin | Nazca<\/title>\n<meta name=\"robots\" content=\"noindex, follow, max-snippet:-1, max-image-preview:large, max-video-preview:-1\" \/>\n<meta property=\"og:locale\" content=\"en_US\" \/>\n<meta property=\"og:type\" content=\"article\" \/>\n<meta property=\"og:title\" content=\"Mercado Imobili\u00e1rio e a escassez de terrenos com vista para o mar em Vit\u00f3ria\u00a0 - Admin | Nazca\" \/>\n<meta property=\"og:description\" content=\"Localiza\u00e7\u00e3o, qualidade construtiva e atributos ligados ao bem-estar passaram a influenciar de forma decisiva a escolha de compradores e investidores.\" \/>\n<meta property=\"og:url\" content=\"https:\/\/admin.nazca.co\/en\/mercado-imobiliario-e-a-escassez-de-terrenos-com-vista-para-o-mar-em-vitoria\/\" \/>\n<meta property=\"og:site_name\" content=\"Admin | Nazca\" \/>\n<meta property=\"article:published_time\" content=\"2026-03-09T21:23:52+00:00\" \/>\n<meta property=\"article:modified_time\" content=\"2026-03-24T23:45:12+00:00\" \/>\n<meta property=\"og:image\" content=\"https:\/\/admin.nazca.co\/wp-content\/uploads\/2026\/03\/13.webp\" \/>\n\t<meta property=\"og:image:width\" content=\"1920\" \/>\n\t<meta property=\"og:image:height\" content=\"1081\" \/>\n\t<meta property=\"og:image:type\" content=\"image\/webp\" \/>\n<meta name=\"author\" content=\"INGRID INTERNIT\" \/>\n<meta name=\"twitter:card\" content=\"summary_large_image\" \/>\n<meta name=\"twitter:label1\" content=\"Written by\" \/>\n\t<meta name=\"twitter:data1\" content=\"INGRID INTERNIT\" \/>\n\t<meta name=\"twitter:label2\" content=\"Est. reading time\" \/>\n\t<meta name=\"twitter:data2\" content=\"3 minutes\" \/>\n<script type=\"application\/ld+json\" class=\"yoast-schema-graph\">{\"@context\":\"https:\/\/schema.org\",\"@graph\":[{\"@type\":\"WebPage\",\"@id\":\"https:\/\/admin.nazca.co\/en\/mercado-imobiliario-e-a-escassez-de-terrenos-com-vista-para-o-mar-em-vitoria\/\",\"url\":\"https:\/\/admin.nazca.co\/en\/mercado-imobiliario-e-a-escassez-de-terrenos-com-vista-para-o-mar-em-vitoria\/\",\"name\":\"Mercado Imobili\u00e1rio e a escassez de terrenos com vista para o mar em Vit\u00f3ria\u00a0 - Admin | Nazca\",\"isPartOf\":{\"@id\":\"https:\/\/admin.nazca.co\/en\/#website\"},\"primaryImageOfPage\":{\"@id\":\"https:\/\/admin.nazca.co\/en\/mercado-imobiliario-e-a-escassez-de-terrenos-com-vista-para-o-mar-em-vitoria\/#primaryimage\"},\"image\":{\"@id\":\"https:\/\/admin.nazca.co\/en\/mercado-imobiliario-e-a-escassez-de-terrenos-com-vista-para-o-mar-em-vitoria\/#primaryimage\"},\"thumbnailUrl\":\"https:\/\/admin.nazca.co\/wp-content\/uploads\/2026\/03\/13.webp\",\"datePublished\":\"2026-03-09T21:23:52+00:00\",\"dateModified\":\"2026-03-24T23:45:12+00:00\",\"author\":{\"@id\":\"https:\/\/admin.nazca.co\/en\/#\/schema\/person\/d0a90a634278864f625b9f9760748c14\"},\"breadcrumb\":{\"@id\":\"https:\/\/admin.nazca.co\/en\/mercado-imobiliario-e-a-escassez-de-terrenos-com-vista-para-o-mar-em-vitoria\/#breadcrumb\"},\"inLanguage\":\"en-US\",\"potentialAction\":[{\"@type\":\"ReadAction\",\"target\":[\"https:\/\/admin.nazca.co\/en\/mercado-imobiliario-e-a-escassez-de-terrenos-com-vista-para-o-mar-em-vitoria\/\"]}]},{\"@type\":\"ImageObject\",\"inLanguage\":\"en-US\",\"@id\":\"https:\/\/admin.nazca.co\/en\/mercado-imobiliario-e-a-escassez-de-terrenos-com-vista-para-o-mar-em-vitoria\/#primaryimage\",\"url\":\"https:\/\/admin.nazca.co\/wp-content\/uploads\/2026\/03\/13.webp\",\"contentUrl\":\"https:\/\/admin.nazca.co\/wp-content\/uploads\/2026\/03\/13.webp\",\"width\":1920,\"height\":1081},{\"@type\":\"BreadcrumbList\",\"@id\":\"https:\/\/admin.nazca.co\/en\/mercado-imobiliario-e-a-escassez-de-terrenos-com-vista-para-o-mar-em-vitoria\/#breadcrumb\",\"itemListElement\":[{\"@type\":\"ListItem\",\"position\":1,\"name\":\"In\u00edcio\",\"item\":\"https:\/\/admin.nazca.co\/en\/\"},{\"@type\":\"ListItem\",\"position\":2,\"name\":\"Mercado Imobili\u00e1rio e a escassez de terrenos com vista para o mar em Vit\u00f3ria\u00a0\"}]},{\"@type\":\"WebSite\",\"@id\":\"https:\/\/admin.nazca.co\/en\/#website\",\"url\":\"https:\/\/admin.nazca.co\/en\/\",\"name\":\"Admin | Nazca\",\"description\":\"A Nazca, localizada em Vit\u00f3ria, \u00e9 especialista em estrutura\u00e7\u00e3o empresarial, intelig\u00eancia, desenvolvimento e gest\u00e3o de neg\u00f3cios imobili\u00e1rios.\",\"potentialAction\":[{\"@type\":\"SearchAction\",\"target\":{\"@type\":\"EntryPoint\",\"urlTemplate\":\"https:\/\/admin.nazca.co\/en\/?s={search_term_string}\"},\"query-input\":{\"@type\":\"PropertyValueSpecification\",\"valueRequired\":true,\"valueName\":\"search_term_string\"}}],\"inLanguage\":\"en-US\"},{\"@type\":\"Person\",\"@id\":\"https:\/\/admin.nazca.co\/en\/#\/schema\/person\/d0a90a634278864f625b9f9760748c14\",\"name\":\"INGRID INTERNIT\",\"image\":{\"@type\":\"ImageObject\",\"inLanguage\":\"en-US\",\"@id\":\"https:\/\/admin.nazca.co\/en\/#\/schema\/person\/image\/\",\"url\":\"https:\/\/secure.gravatar.com\/avatar\/631ac1395630a13bb1450a0f447af40d3402bcf2b5ee956b54744bbc1ec08916?s=96&d=mm&r=g\",\"contentUrl\":\"https:\/\/secure.gravatar.com\/avatar\/631ac1395630a13bb1450a0f447af40d3402bcf2b5ee956b54744bbc1ec08916?s=96&d=mm&r=g\",\"caption\":\"INGRID INTERNIT\"},\"url\":\"https:\/\/admin.nazca.co\/en\/author\/ingrid\/\"}]}<\/script>\n<!-- \/ Yoast SEO plugin. -->","yoast_head_json":{"title":"Mercado Imobili\u00e1rio e a escassez de terrenos com vista para o mar em Vit\u00f3ria\u00a0 - Admin | Nazca","robots":{"index":"noindex","follow":"follow","max-snippet":"max-snippet:-1","max-image-preview":"max-image-preview:large","max-video-preview":"max-video-preview:-1"},"og_locale":"en_US","og_type":"article","og_title":"Mercado Imobili\u00e1rio e a escassez de terrenos com vista para o mar em Vit\u00f3ria\u00a0 - Admin | Nazca","og_description":"Localiza\u00e7\u00e3o, qualidade construtiva e atributos ligados ao bem-estar passaram a influenciar de forma decisiva a escolha de compradores e investidores.","og_url":"https:\/\/admin.nazca.co\/en\/mercado-imobiliario-e-a-escassez-de-terrenos-com-vista-para-o-mar-em-vitoria\/","og_site_name":"Admin | Nazca","article_published_time":"2026-03-09T21:23:52+00:00","article_modified_time":"2026-03-24T23:45:12+00:00","og_image":[{"width":1920,"height":1081,"url":"https:\/\/admin.nazca.co\/wp-content\/uploads\/2026\/03\/13.webp","type":"image\/webp"}],"author":"INGRID INTERNIT","twitter_card":"summary_large_image","twitter_misc":{"Written by":"INGRID INTERNIT","Est. reading time":"3 minutes"},"schema":{"@context":"https:\/\/schema.org","@graph":[{"@type":"WebPage","@id":"https:\/\/admin.nazca.co\/en\/mercado-imobiliario-e-a-escassez-de-terrenos-com-vista-para-o-mar-em-vitoria\/","url":"https:\/\/admin.nazca.co\/en\/mercado-imobiliario-e-a-escassez-de-terrenos-com-vista-para-o-mar-em-vitoria\/","name":"Mercado Imobili\u00e1rio e a escassez de terrenos com vista para o mar em Vit\u00f3ria\u00a0 - Admin | Nazca","isPartOf":{"@id":"https:\/\/admin.nazca.co\/en\/#website"},"primaryImageOfPage":{"@id":"https:\/\/admin.nazca.co\/en\/mercado-imobiliario-e-a-escassez-de-terrenos-com-vista-para-o-mar-em-vitoria\/#primaryimage"},"image":{"@id":"https:\/\/admin.nazca.co\/en\/mercado-imobiliario-e-a-escassez-de-terrenos-com-vista-para-o-mar-em-vitoria\/#primaryimage"},"thumbnailUrl":"https:\/\/admin.nazca.co\/wp-content\/uploads\/2026\/03\/13.webp","datePublished":"2026-03-09T21:23:52+00:00","dateModified":"2026-03-24T23:45:12+00:00","author":{"@id":"https:\/\/admin.nazca.co\/en\/#\/schema\/person\/d0a90a634278864f625b9f9760748c14"},"breadcrumb":{"@id":"https:\/\/admin.nazca.co\/en\/mercado-imobiliario-e-a-escassez-de-terrenos-com-vista-para-o-mar-em-vitoria\/#breadcrumb"},"inLanguage":"en-US","potentialAction":[{"@type":"ReadAction","target":["https:\/\/admin.nazca.co\/en\/mercado-imobiliario-e-a-escassez-de-terrenos-com-vista-para-o-mar-em-vitoria\/"]}]},{"@type":"ImageObject","inLanguage":"en-US","@id":"https:\/\/admin.nazca.co\/en\/mercado-imobiliario-e-a-escassez-de-terrenos-com-vista-para-o-mar-em-vitoria\/#primaryimage","url":"https:\/\/admin.nazca.co\/wp-content\/uploads\/2026\/03\/13.webp","contentUrl":"https:\/\/admin.nazca.co\/wp-content\/uploads\/2026\/03\/13.webp","width":1920,"height":1081},{"@type":"BreadcrumbList","@id":"https:\/\/admin.nazca.co\/en\/mercado-imobiliario-e-a-escassez-de-terrenos-com-vista-para-o-mar-em-vitoria\/#breadcrumb","itemListElement":[{"@type":"ListItem","position":1,"name":"In\u00edcio","item":"https:\/\/admin.nazca.co\/en\/"},{"@type":"ListItem","position":2,"name":"Mercado Imobili\u00e1rio e a escassez de terrenos com vista para o mar em Vit\u00f3ria\u00a0"}]},{"@type":"WebSite","@id":"https:\/\/admin.nazca.co\/en\/#website","url":"https:\/\/admin.nazca.co\/en\/","name":"Admin | Nazca","description":"A Nazca, localizada em Vit\u00f3ria, \u00e9 especialista em estrutura\u00e7\u00e3o empresarial, intelig\u00eancia, desenvolvimento e gest\u00e3o de neg\u00f3cios imobili\u00e1rios.","potentialAction":[{"@type":"SearchAction","target":{"@type":"EntryPoint","urlTemplate":"https:\/\/admin.nazca.co\/en\/?s={search_term_string}"},"query-input":{"@type":"PropertyValueSpecification","valueRequired":true,"valueName":"search_term_string"}}],"inLanguage":"en-US"},{"@type":"Person","@id":"https:\/\/admin.nazca.co\/en\/#\/schema\/person\/d0a90a634278864f625b9f9760748c14","name":"INGRID INTERNIT","image":{"@type":"ImageObject","inLanguage":"en-US","@id":"https:\/\/admin.nazca.co\/en\/#\/schema\/person\/image\/","url":"https:\/\/secure.gravatar.com\/avatar\/631ac1395630a13bb1450a0f447af40d3402bcf2b5ee956b54744bbc1ec08916?s=96&d=mm&r=g","contentUrl":"https:\/\/secure.gravatar.com\/avatar\/631ac1395630a13bb1450a0f447af40d3402bcf2b5ee956b54744bbc1ec08916?s=96&d=mm&r=g","caption":"INGRID INTERNIT"},"url":"https:\/\/admin.nazca.co\/en\/author\/ingrid\/"}]}},"_links":{"self":[{"href":"https:\/\/admin.nazca.co\/en\/wp-json\/wp\/v2\/posts\/2776","targetHints":{"allow":["GET"]}}],"collection":[{"href":"https:\/\/admin.nazca.co\/en\/wp-json\/wp\/v2\/posts"}],"about":[{"href":"https:\/\/admin.nazca.co\/en\/wp-json\/wp\/v2\/types\/post"}],"author":[{"embeddable":true,"href":"https:\/\/admin.nazca.co\/en\/wp-json\/wp\/v2\/users\/2"}],"replies":[{"embeddable":true,"href":"https:\/\/admin.nazca.co\/en\/wp-json\/wp\/v2\/comments?post=2776"}],"version-history":[{"count":6,"href":"https:\/\/admin.nazca.co\/en\/wp-json\/wp\/v2\/posts\/2776\/revisions"}],"predecessor-version":[{"id":2835,"href":"https:\/\/admin.nazca.co\/en\/wp-json\/wp\/v2\/posts\/2776\/revisions\/2835"}],"wp:featuredmedia":[{"embeddable":true,"href":"https:\/\/admin.nazca.co\/en\/wp-json\/wp\/v2\/media\/2780"}],"wp:attachment":[{"href":"https:\/\/admin.nazca.co\/en\/wp-json\/wp\/v2\/media?parent=2776"}],"wp:term":[{"taxonomy":"category","embeddable":true,"href":"https:\/\/admin.nazca.co\/en\/wp-json\/wp\/v2\/categories?post=2776"},{"taxonomy":"post_tag","embeddable":true,"href":"https:\/\/admin.nazca.co\/en\/wp-json\/wp\/v2\/tags?post=2776"}],"curies":[{"name":"wp","href":"https:\/\/api.w.org\/{rel}","templated":true}]}}