{"id":2814,"date":"2026-03-12T21:51:15","date_gmt":"2026-03-12T21:51:15","guid":{"rendered":"https:\/\/admin.nazca.co\/?p=2814"},"modified":"2026-03-24T23:39:21","modified_gmt":"2026-03-24T23:39:21","slug":"a-era-da-experiencia-no-mercado-imobiliario-de-luxo","status":"publish","type":"post","link":"https:\/\/admin.nazca.co\/en\/a-era-da-experiencia-no-mercado-imobiliario-de-luxo\/","title":{"rendered":"A era da experi\u00eancia\u00a0no mercado imobili\u00e1rio de luxo\u00a0"},"content":{"rendered":"\n<figure class=\"wp-block-embed is-type-video is-provider-youtube wp-block-embed-youtube wp-embed-aspect-16-9 wp-has-aspect-ratio\"><div class=\"wp-block-embed__wrapper\">\n<iframe loading=\"lazy\" title=\"NAZCA - Conceitos dos Empreendimentos \" width=\"500\" height=\"281\" src=\"https:\/\/www.youtube.com\/embed\/2gZGSKXic4A?start=55&#038;feature=oembed\" frameborder=\"0\" allow=\"accelerometer; autoplay; clipboard-write; encrypted-media; gyroscope; picture-in-picture; web-share\" referrerpolicy=\"strict-origin-when-cross-origin\" allowfullscreen><\/iframe>\n<\/div><\/figure>\n\n\n\n<p>Nas \u00faltimas d\u00e9cadas, o mercado imobili\u00e1rio passou por transforma\u00e7\u00f5es profundas, mas uma mudan\u00e7a se destaca com nitidez: o consumidor deixou de buscar apenas produtos. Hoje, ele procura\u00a0<strong>experi\u00eancias que representem seu estilo de vida<\/strong>. Isso \u00e9 ainda mais evidente no segmento de alto padr\u00e3o, onde exclusividade, bem-estar e prop\u00f3sito s\u00e3o indispens\u00e1veis.\u00a0<\/p>\n\n\n\n<p>Na Nazca, cada empreendimento nasce com a responsabilidade de entregar cen\u00e1rios onde a vida acontece com autenticidade e significado.&nbsp;<\/p>\n\n\n\n<h3 class=\"wp-block-heading\">O novo comportamento do consumidor de alto padr\u00e3o\u00a0<\/h3>\n\n\n\n<p>O p\u00fablico est\u00e1 cada vez mais atento ao que consome \u2014 e, mais do que isso,&nbsp;<strong>ao que vive<\/strong>. Ele deseja se identificar com a marca desde o primeiro contato: da visita ao&nbsp;stand&nbsp;\u00e0 viv\u00eancia no condom\u00ednio. \u00c9 nesse percurso que a Nazca trabalha com precis\u00e3o, construindo&nbsp;<strong>relacionamentos emocionais e experi\u00eancias sensoriais duradouras<\/strong>.&nbsp;<\/p>\n\n\n\n<p>Elementos como design, sa\u00fade, privacidade e localiza\u00e7\u00e3o n\u00e3o s\u00e3o diferenciais: s\u00e3o pr\u00e9-requisitos.&nbsp;<\/p>\n\n\n\n<h3 class=\"wp-block-heading\">Singular: a ess\u00eancia do raro\u00a0<\/h3>\n\n\n\n<p>O&nbsp;<a href=\"https:\/\/nazca.co\/empreendimentos\/singular-for-life\/\" target=\"_blank\" rel=\"noreferrer noopener\"><strong>Singular<\/strong><\/a>&nbsp;representa com clareza esse novo momento. Um projeto com&nbsp;<strong>uma unidade por andar<\/strong>, em que cada detalhe foi pensado para oferecer&nbsp;conforto, exclusividade e eleg\u00e2ncia.&nbsp;&nbsp;<\/p>\n\n\n\n<h3 class=\"wp-block-heading\">Ocean\u00a0Front: bem-estar como parte da paisagem\u00a0<\/h3>\n\n\n\n<p>A Nazca tamb\u00e9m assina empreendimentos em&nbsp;<strong>localiza\u00e7\u00f5es \u00e0 beira-mar<\/strong>, reunidos sob o selo&nbsp;<a href=\"https:\/\/nazca.co\/blog\/morar-de-frente-para-o-mar-saude-bem-estar-e-sofisticacao-em-vitoria-es\/\" target=\"_blank\" rel=\"noreferrer noopener\"><strong>Ocean&nbsp;Front<\/strong><\/a>. Mais do que um privil\u00e9gio visual, morar de frente para o mar \u00e9 parte de uma proposta de bem-estar cont\u00ednuo.&nbsp;<\/p>\n\n\n\n<p>Projetos como o&nbsp;<a href=\"https:\/\/nazca.co\/blog\/reserva-vitoria-sofisticacao-entre-o-mar-e-a-arte-na-nova-curva-da-jurema\/\" target=\"_blank\" rel=\"noreferrer noopener\"><strong>Reserva&nbsp;Vit\u00f3ria<\/strong><\/a>&nbsp;n\u00e3o apenas entregam qualidade construtiva, mas tamb\u00e9m participam da&nbsp;<strong>transforma\u00e7\u00e3o urbana da cidade<\/strong>. A revitaliza\u00e7\u00e3o da orla, a cria\u00e7\u00e3o de um parque cultural com esculturas ao ar livre e integra\u00e7\u00e3o com o bairro elevam o padr\u00e3o de viver e valorizam toda a regi\u00e3o.&nbsp;<\/p>\n\n\n\n<p>Enquanto&nbsp;os&nbsp;empreendimentos&nbsp;Ocean&nbsp;Front&nbsp;s\u00e3o certificados pelo&nbsp;<a href=\"https:\/\/nazca.co\/blog\/voce-pensa-em-saude-ao-escolher-um-imovel\/\" target=\"_blank\" rel=\"noreferrer noopener\"><strong>selo internacional&nbsp;Fitwell<\/strong>,<\/a>&nbsp;que reconhece espa\u00e7os que promovem sa\u00fade e qualidade de vida no cotidiano.<\/p>\n\n\n\n<figure class=\"wp-block-image size-full\"><img loading=\"lazy\" decoding=\"async\" width=\"1920\" height=\"1081\" src=\"https:\/\/admin.nazca.co\/wp-content\/uploads\/2026\/03\/CAPA-Era-da-experiencia.webp\" alt=\"\" class=\"wp-image-2816\"\/><\/figure>\n\n\n\n<h3 class=\"wp-block-heading\">Youniverse: versatilidade e sofistica\u00e7\u00e3o para novas jornadas\u00a0<\/h3>\n\n\n\n<p>Entre os lan\u00e7amentos recentes, o&nbsp;<a href=\"https:\/\/nazca.co\/blog\/youniverse-um-novo-marco-na-enseada-do-sua\/\" target=\"_blank\" rel=\"noreferrer noopener\"><strong>Youniverse<\/strong><\/a>&nbsp;traduz uma proposta din\u00e2mica, que atende a diferentes perfis: fam\u00edlias em forma\u00e7\u00e3o, jovens profissionais, casais contempor\u00e2neos. Localizado na Enseada do&nbsp;Su\u00e1, \u00e9 um projeto que une&nbsp;<strong>modernidade, exclusividade e praticidade<\/strong>&nbsp;com um conceito de bem-estar verticalizado.&nbsp;<\/p>\n\n\n\n<p>O&nbsp;rooftop&nbsp;abriga um espa\u00e7o de&nbsp;wellness&nbsp;com vista panor\u00e2mica 360\u00b0 \u2014 um dos pontos mais altos da cidade. Um lugar que expressa o novo morar com intelig\u00eancia e leveza.&nbsp;<\/p>\n\n\n\n<h3 class=\"wp-block-heading\"><strong>Conectar estilos de vida, gerar valor real<\/strong>&nbsp;<\/h3>\n\n\n\n<p>Cada empreendimento da Nazca \u00e9 constru\u00eddo para representar algo maior do que sua planta. \u00c9 um convite \u00e0&nbsp;<strong>experi\u00eancia do morar com sentido<\/strong>&nbsp;\u2014 onde tradi\u00e7\u00e3o e inova\u00e7\u00e3o se encontram para atender um p\u00fablico exigente, consciente e conectado ao tempo presente.&nbsp;<\/p>\n\n\n\n<p><strong>Conhe\u00e7a tamb\u00e9m os demais&nbsp;<\/strong><a href=\"https:\/\/empreendimentos%20nazca:%20conforto%20e%20qualidade%20em%20Vit%C3%B3ria\/\" target=\"_blank\" rel=\"noreferrer noopener\"><strong>empreendimentos&nbsp;da Nazca<\/strong><\/a><strong>&nbsp;e descubra qual estilo de viver traduz melhor o seu.<\/strong>&nbsp;<\/p>\n\n\n\n<p><a href=\"https:\/\/nazca.co\/empreendimentos\/\" target=\"_blank\" rel=\"noreferrer noopener\">Empreendimentos Nazca: conforto e qualidade em Vit\u00f3ria<\/a>&nbsp;&nbsp;<\/p>\n","protected":false},"excerpt":{"rendered":"<p>Nas \u00faltimas d\u00e9cadas, o mercado imobili\u00e1rio passou por transforma\u00e7\u00f5es profundas, mas uma mudan\u00e7a se destaca com nitidez: o consumidor deixou de buscar apenas produtos. <\/p>\n","protected":false},"author":2,"featured_media":2816,"comment_status":"open","ping_status":"open","sticky":false,"template":"","format":"standard","meta":{"_acf_changed":false,"footnotes":""},"categories":[1],"tags":[],"class_list":["post-2814","post","type-post","status-publish","format-standard","has-post-thumbnail","hentry","category-sem-categoria"],"acf":[],"yoast_head":"<!-- This site is optimized with the Yoast SEO plugin v24.0 - https:\/\/yoast.com\/wordpress\/plugins\/seo\/ -->\n<title>A era da experi\u00eancia\u00a0no mercado imobili\u00e1rio de luxo\u00a0 - Admin | Nazca<\/title>\n<meta name=\"robots\" content=\"noindex, follow, max-snippet:-1, max-image-preview:large, max-video-preview:-1\" \/>\n<meta property=\"og:locale\" content=\"en_US\" \/>\n<meta property=\"og:type\" content=\"article\" \/>\n<meta property=\"og:title\" content=\"A era da experi\u00eancia\u00a0no mercado imobili\u00e1rio de luxo\u00a0 - Admin | Nazca\" \/>\n<meta property=\"og:description\" content=\"Nas \u00faltimas d\u00e9cadas, o mercado imobili\u00e1rio passou por transforma\u00e7\u00f5es profundas, mas uma mudan\u00e7a se destaca com nitidez: o consumidor deixou de buscar apenas produtos.\" \/>\n<meta property=\"og:url\" content=\"https:\/\/admin.nazca.co\/en\/a-era-da-experiencia-no-mercado-imobiliario-de-luxo\/\" \/>\n<meta property=\"og:site_name\" content=\"Admin | Nazca\" \/>\n<meta property=\"article:published_time\" content=\"2026-03-12T21:51:15+00:00\" \/>\n<meta property=\"article:modified_time\" content=\"2026-03-24T23:39:21+00:00\" \/>\n<meta property=\"og:image\" content=\"https:\/\/admin.nazca.co\/wp-content\/uploads\/2026\/03\/CAPA-Era-da-experiencia.webp\" \/>\n\t<meta property=\"og:image:width\" content=\"1920\" \/>\n\t<meta property=\"og:image:height\" content=\"1081\" \/>\n\t<meta property=\"og:image:type\" content=\"image\/webp\" \/>\n<meta name=\"author\" content=\"INGRID INTERNIT\" \/>\n<meta name=\"twitter:card\" content=\"summary_large_image\" \/>\n<meta name=\"twitter:label1\" content=\"Written by\" \/>\n\t<meta name=\"twitter:data1\" content=\"INGRID INTERNIT\" \/>\n\t<meta name=\"twitter:label2\" content=\"Est. reading time\" \/>\n\t<meta name=\"twitter:data2\" content=\"3 minutes\" \/>\n<script type=\"application\/ld+json\" class=\"yoast-schema-graph\">{\"@context\":\"https:\/\/schema.org\",\"@graph\":[{\"@type\":\"WebPage\",\"@id\":\"https:\/\/admin.nazca.co\/en\/a-era-da-experiencia-no-mercado-imobiliario-de-luxo\/\",\"url\":\"https:\/\/admin.nazca.co\/en\/a-era-da-experiencia-no-mercado-imobiliario-de-luxo\/\",\"name\":\"A era da experi\u00eancia\u00a0no mercado imobili\u00e1rio de luxo\u00a0 - Admin | Nazca\",\"isPartOf\":{\"@id\":\"https:\/\/admin.nazca.co\/en\/#website\"},\"primaryImageOfPage\":{\"@id\":\"https:\/\/admin.nazca.co\/en\/a-era-da-experiencia-no-mercado-imobiliario-de-luxo\/#primaryimage\"},\"image\":{\"@id\":\"https:\/\/admin.nazca.co\/en\/a-era-da-experiencia-no-mercado-imobiliario-de-luxo\/#primaryimage\"},\"thumbnailUrl\":\"https:\/\/admin.nazca.co\/wp-content\/uploads\/2026\/03\/CAPA-Era-da-experiencia.webp\",\"datePublished\":\"2026-03-12T21:51:15+00:00\",\"dateModified\":\"2026-03-24T23:39:21+00:00\",\"author\":{\"@id\":\"https:\/\/admin.nazca.co\/en\/#\/schema\/person\/d0a90a634278864f625b9f9760748c14\"},\"breadcrumb\":{\"@id\":\"https:\/\/admin.nazca.co\/en\/a-era-da-experiencia-no-mercado-imobiliario-de-luxo\/#breadcrumb\"},\"inLanguage\":\"en-US\",\"potentialAction\":[{\"@type\":\"ReadAction\",\"target\":[\"https:\/\/admin.nazca.co\/en\/a-era-da-experiencia-no-mercado-imobiliario-de-luxo\/\"]}]},{\"@type\":\"ImageObject\",\"inLanguage\":\"en-US\",\"@id\":\"https:\/\/admin.nazca.co\/en\/a-era-da-experiencia-no-mercado-imobiliario-de-luxo\/#primaryimage\",\"url\":\"https:\/\/admin.nazca.co\/wp-content\/uploads\/2026\/03\/CAPA-Era-da-experiencia.webp\",\"contentUrl\":\"https:\/\/admin.nazca.co\/wp-content\/uploads\/2026\/03\/CAPA-Era-da-experiencia.webp\",\"width\":1920,\"height\":1081},{\"@type\":\"BreadcrumbList\",\"@id\":\"https:\/\/admin.nazca.co\/en\/a-era-da-experiencia-no-mercado-imobiliario-de-luxo\/#breadcrumb\",\"itemListElement\":[{\"@type\":\"ListItem\",\"position\":1,\"name\":\"In\u00edcio\",\"item\":\"https:\/\/admin.nazca.co\/en\/\"},{\"@type\":\"ListItem\",\"position\":2,\"name\":\"A era da experi\u00eancia\u00a0no mercado imobili\u00e1rio de luxo\u00a0\"}]},{\"@type\":\"WebSite\",\"@id\":\"https:\/\/admin.nazca.co\/en\/#website\",\"url\":\"https:\/\/admin.nazca.co\/en\/\",\"name\":\"Admin | Nazca\",\"description\":\"A Nazca, localizada em Vit\u00f3ria, \u00e9 especialista em estrutura\u00e7\u00e3o empresarial, intelig\u00eancia, desenvolvimento e gest\u00e3o de neg\u00f3cios imobili\u00e1rios.\",\"potentialAction\":[{\"@type\":\"SearchAction\",\"target\":{\"@type\":\"EntryPoint\",\"urlTemplate\":\"https:\/\/admin.nazca.co\/en\/?s={search_term_string}\"},\"query-input\":{\"@type\":\"PropertyValueSpecification\",\"valueRequired\":true,\"valueName\":\"search_term_string\"}}],\"inLanguage\":\"en-US\"},{\"@type\":\"Person\",\"@id\":\"https:\/\/admin.nazca.co\/en\/#\/schema\/person\/d0a90a634278864f625b9f9760748c14\",\"name\":\"INGRID INTERNIT\",\"image\":{\"@type\":\"ImageObject\",\"inLanguage\":\"en-US\",\"@id\":\"https:\/\/admin.nazca.co\/en\/#\/schema\/person\/image\/\",\"url\":\"https:\/\/secure.gravatar.com\/avatar\/631ac1395630a13bb1450a0f447af40d3402bcf2b5ee956b54744bbc1ec08916?s=96&d=mm&r=g\",\"contentUrl\":\"https:\/\/secure.gravatar.com\/avatar\/631ac1395630a13bb1450a0f447af40d3402bcf2b5ee956b54744bbc1ec08916?s=96&d=mm&r=g\",\"caption\":\"INGRID INTERNIT\"},\"url\":\"https:\/\/admin.nazca.co\/en\/author\/ingrid\/\"}]}<\/script>\n<!-- \/ Yoast SEO plugin. -->","yoast_head_json":{"title":"A era da experi\u00eancia\u00a0no mercado imobili\u00e1rio de luxo\u00a0 - Admin | Nazca","robots":{"index":"noindex","follow":"follow","max-snippet":"max-snippet:-1","max-image-preview":"max-image-preview:large","max-video-preview":"max-video-preview:-1"},"og_locale":"en_US","og_type":"article","og_title":"A era da experi\u00eancia\u00a0no mercado imobili\u00e1rio de luxo\u00a0 - Admin | Nazca","og_description":"Nas \u00faltimas d\u00e9cadas, o mercado imobili\u00e1rio passou por transforma\u00e7\u00f5es profundas, mas uma mudan\u00e7a se destaca com nitidez: o consumidor deixou de buscar apenas produtos.","og_url":"https:\/\/admin.nazca.co\/en\/a-era-da-experiencia-no-mercado-imobiliario-de-luxo\/","og_site_name":"Admin | Nazca","article_published_time":"2026-03-12T21:51:15+00:00","article_modified_time":"2026-03-24T23:39:21+00:00","og_image":[{"width":1920,"height":1081,"url":"https:\/\/admin.nazca.co\/wp-content\/uploads\/2026\/03\/CAPA-Era-da-experiencia.webp","type":"image\/webp"}],"author":"INGRID INTERNIT","twitter_card":"summary_large_image","twitter_misc":{"Written by":"INGRID INTERNIT","Est. reading time":"3 minutes"},"schema":{"@context":"https:\/\/schema.org","@graph":[{"@type":"WebPage","@id":"https:\/\/admin.nazca.co\/en\/a-era-da-experiencia-no-mercado-imobiliario-de-luxo\/","url":"https:\/\/admin.nazca.co\/en\/a-era-da-experiencia-no-mercado-imobiliario-de-luxo\/","name":"A era da experi\u00eancia\u00a0no mercado imobili\u00e1rio de luxo\u00a0 - Admin | Nazca","isPartOf":{"@id":"https:\/\/admin.nazca.co\/en\/#website"},"primaryImageOfPage":{"@id":"https:\/\/admin.nazca.co\/en\/a-era-da-experiencia-no-mercado-imobiliario-de-luxo\/#primaryimage"},"image":{"@id":"https:\/\/admin.nazca.co\/en\/a-era-da-experiencia-no-mercado-imobiliario-de-luxo\/#primaryimage"},"thumbnailUrl":"https:\/\/admin.nazca.co\/wp-content\/uploads\/2026\/03\/CAPA-Era-da-experiencia.webp","datePublished":"2026-03-12T21:51:15+00:00","dateModified":"2026-03-24T23:39:21+00:00","author":{"@id":"https:\/\/admin.nazca.co\/en\/#\/schema\/person\/d0a90a634278864f625b9f9760748c14"},"breadcrumb":{"@id":"https:\/\/admin.nazca.co\/en\/a-era-da-experiencia-no-mercado-imobiliario-de-luxo\/#breadcrumb"},"inLanguage":"en-US","potentialAction":[{"@type":"ReadAction","target":["https:\/\/admin.nazca.co\/en\/a-era-da-experiencia-no-mercado-imobiliario-de-luxo\/"]}]},{"@type":"ImageObject","inLanguage":"en-US","@id":"https:\/\/admin.nazca.co\/en\/a-era-da-experiencia-no-mercado-imobiliario-de-luxo\/#primaryimage","url":"https:\/\/admin.nazca.co\/wp-content\/uploads\/2026\/03\/CAPA-Era-da-experiencia.webp","contentUrl":"https:\/\/admin.nazca.co\/wp-content\/uploads\/2026\/03\/CAPA-Era-da-experiencia.webp","width":1920,"height":1081},{"@type":"BreadcrumbList","@id":"https:\/\/admin.nazca.co\/en\/a-era-da-experiencia-no-mercado-imobiliario-de-luxo\/#breadcrumb","itemListElement":[{"@type":"ListItem","position":1,"name":"In\u00edcio","item":"https:\/\/admin.nazca.co\/en\/"},{"@type":"ListItem","position":2,"name":"A era da experi\u00eancia\u00a0no mercado imobili\u00e1rio de luxo\u00a0"}]},{"@type":"WebSite","@id":"https:\/\/admin.nazca.co\/en\/#website","url":"https:\/\/admin.nazca.co\/en\/","name":"Admin | Nazca","description":"A Nazca, localizada em Vit\u00f3ria, \u00e9 especialista em estrutura\u00e7\u00e3o empresarial, intelig\u00eancia, desenvolvimento e gest\u00e3o de neg\u00f3cios imobili\u00e1rios.","potentialAction":[{"@type":"SearchAction","target":{"@type":"EntryPoint","urlTemplate":"https:\/\/admin.nazca.co\/en\/?s={search_term_string}"},"query-input":{"@type":"PropertyValueSpecification","valueRequired":true,"valueName":"search_term_string"}}],"inLanguage":"en-US"},{"@type":"Person","@id":"https:\/\/admin.nazca.co\/en\/#\/schema\/person\/d0a90a634278864f625b9f9760748c14","name":"INGRID INTERNIT","image":{"@type":"ImageObject","inLanguage":"en-US","@id":"https:\/\/admin.nazca.co\/en\/#\/schema\/person\/image\/","url":"https:\/\/secure.gravatar.com\/avatar\/631ac1395630a13bb1450a0f447af40d3402bcf2b5ee956b54744bbc1ec08916?s=96&d=mm&r=g","contentUrl":"https:\/\/secure.gravatar.com\/avatar\/631ac1395630a13bb1450a0f447af40d3402bcf2b5ee956b54744bbc1ec08916?s=96&d=mm&r=g","caption":"INGRID INTERNIT"},"url":"https:\/\/admin.nazca.co\/en\/author\/ingrid\/"}]}},"_links":{"self":[{"href":"https:\/\/admin.nazca.co\/en\/wp-json\/wp\/v2\/posts\/2814","targetHints":{"allow":["GET"]}}],"collection":[{"href":"https:\/\/admin.nazca.co\/en\/wp-json\/wp\/v2\/posts"}],"about":[{"href":"https:\/\/admin.nazca.co\/en\/wp-json\/wp\/v2\/types\/post"}],"author":[{"embeddable":true,"href":"https:\/\/admin.nazca.co\/en\/wp-json\/wp\/v2\/users\/2"}],"replies":[{"embeddable":true,"href":"https:\/\/admin.nazca.co\/en\/wp-json\/wp\/v2\/comments?post=2814"}],"version-history":[{"count":4,"href":"https:\/\/admin.nazca.co\/en\/wp-json\/wp\/v2\/posts\/2814\/revisions"}],"predecessor-version":[{"id":2831,"href":"https:\/\/admin.nazca.co\/en\/wp-json\/wp\/v2\/posts\/2814\/revisions\/2831"}],"wp:featuredmedia":[{"embeddable":true,"href":"https:\/\/admin.nazca.co\/en\/wp-json\/wp\/v2\/media\/2816"}],"wp:attachment":[{"href":"https:\/\/admin.nazca.co\/en\/wp-json\/wp\/v2\/media?parent=2814"}],"wp:term":[{"taxonomy":"category","embeddable":true,"href":"https:\/\/admin.nazca.co\/en\/wp-json\/wp\/v2\/categories?post=2814"},{"taxonomy":"post_tag","embeddable":true,"href":"https:\/\/admin.nazca.co\/en\/wp-json\/wp\/v2\/tags?post=2814"}],"curies":[{"name":"wp","href":"https:\/\/api.w.org\/{rel}","templated":true}]}}